{"id":3099,"date":"2026-07-18T19:12:26","date_gmt":"2026-07-18T17:12:26","guid":{"rendered":"https:\/\/matissart.com\/fr\/?p=3099"},"modified":"2026-06-25T19:22:44","modified_gmt":"2026-06-25T17:22:44","slug":"les-innovations-marquantes-des-salons-fakuma-k-et-fip","status":"publish","type":"post","link":"https:\/\/matissart.com\/fr\/actualite\/les-innovations-marquantes-des-salons-fakuma-k-et-fip\/","title":{"rendered":"Les innovations marquantes des salons Fakuma, K et FIP"},"content":{"rendered":"\n<p class=\"wp-block-paragraph\"><strong>Trois rendez-vous incontournables de la plasturgie europ\u00e9enne<\/strong><\/p>\n\n\n\n<p class=\"wp-block-paragraph\">Les salons Fakuma, K et FIP restent les principaux \u00e9v\u00e9nements europ\u00e9ens de la plasturgie. Organis\u00e9s selon un rythme compl\u00e9mentaire \u2014 <strong>la K \u00e0 D\u00fcsseldorf tous les trois ans, le FIP \u00e0 Lyon en alternance, Fakuma chaque ann\u00e9e paire \u00e0 Friedrichshafen <\/strong>\u2014 ils permettent d&rsquo;observer dans la dur\u00e9e les grandes tendances technologiques qui fa\u00e7onnent le secteur.<\/p>\n\n\n\n<p class=\"wp-block-paragraph\">L&rsquo;\u00e9dition 2025 de la <strong>K de D\u00fcsseldorf<\/strong> (8-15 octobre 2025) a r\u00e9uni plus de 3 000 exposants venus de 65 pays autour du slogan <em>\u00ab\u00a0The Power of Plastics : Green \u2013 Smart \u2013 Responsible\u00a0\u00bb<\/em>. Le <strong>FIP<\/strong> s&rsquo;est tenu \u00e0 Lyon Eurexpo du 2 au 5 juin 2026, rassemblant plus de 800 exposants et confirmant sa place de rendez-vous de r\u00e9f\u00e9rence pour la fili\u00e8re fran\u00e7aise. <strong>Fakuma<\/strong>, d\u00e9sormais dans sa 30e \u00e9dition, se tiendra du <strong>12 au 16 octobre 2026 \u00e0 Friedrichshafen<\/strong> et devrait accueillir plus de <strong>1 600 exposants <\/strong>autour de l&rsquo;ensemble des technologies de transformation des plastiques industriels.<\/p>\n\n\n\n<p class=\"wp-block-paragraph\">Parmi les innovations les plus marquantes observ\u00e9es lors de ces trois rendez-vous :<\/p>\n\n\n\n<ul class=\"wp-block-list\">\n<li><strong>intelligence artificielle<\/strong> appliqu\u00e9e au d\u00e9veloppement mat\u00e9riaux, au reporting de durabilit\u00e9 et au tri pour le recyclage ;<\/li>\n\n\n\n<li><strong>automatisation<\/strong> des lignes de production et des proc\u00e9d\u00e9s de contr\u00f4le qualit\u00e9 ;<\/li>\n\n\n\n<li><strong>polym\u00e8res recycl\u00e9s<\/strong>, avec une int\u00e9gration croissante de mati\u00e8res issues du recyclage m\u00e9canique et chimique ;<\/li>\n\n\n\n<li><strong>efficacit\u00e9 \u00e9nerg\u00e9tique<\/strong> des proc\u00e9d\u00e9s de transformation ;<\/li>\n\n\n\n<li><strong>fabrication additive<\/strong>, d\u00e9sormais utilis\u00e9e aussi bien pour le prototypage que pour certaines pi\u00e8ces de s\u00e9rie ;<\/li>\n\n\n\n<li><strong>nouveaux syst\u00e8mes de refroidissement<\/strong>, d\u00e9terminants pour la productivit\u00e9 des outillages.<\/li>\n<\/ul>\n\n\n\n<p class=\"wp-block-paragraph\"><strong>L&rsquo;intelligence artificielle s&rsquo;installe dans tous les maillons de la cha\u00eene<\/strong><\/p>\n\n\n\n<p class=\"wp-block-paragraph\">C&rsquo;est<strong> la th\u00e9matique qui a le plus progress\u00e9<\/strong> entre la K 2022 et la K 2025. Lors de l&rsquo;\u00e9dition 2025, une journ\u00e9e enti\u00e8re a \u00e9t\u00e9 consacr\u00e9e \u00e0 la num\u00e9risation et \u00e0 l&rsquo;intelligence artificielle, avec des intervenants tels que PolyMaterials, INEOS, Covestro et Netzsch venus pr\u00e9senter comment l&rsquo;IA optimise les processus, du d\u00e9veloppement des mat\u00e9riaux \u00e0 l&rsquo;\u00e9tablissement de rapports sur la durabilit\u00e9, en passant par une meilleure collecte et un meilleur tri lors du recyclage.<\/p>\n\n\n\n<p class=\"wp-block-paragraph\">Le FIP 2026 a confirm\u00e9 cette dynamique c\u00f4t\u00e9 fran\u00e7ais, avec des d\u00e9monstrations sur <strong>l&rsquo;automatisation, la fabrication additive et l&rsquo;intelligence artificielle appliqu\u00e9e \u00e0 la production<\/strong>, int\u00e9gr\u00e9es dans un salon d\u00e9sormais structur\u00e9 pour mettre en avant la num\u00e9risation des proc\u00e9d\u00e9s industriels au m\u00eame niveau que les innovations mat\u00e9riaux.<\/p>\n\n\n\n<p class=\"wp-block-paragraph\"><strong>Polym\u00e8res recycl\u00e9s et \u00e9conomie circulaire : le sujet qui structure tous les halls<\/strong><\/p>\n\n\n\n<p class=\"wp-block-paragraph\">La d\u00e9carbonation et l&rsquo;\u00e9conomie circulaire ne sont plus des <strong>th\u00e9matiques annexes mais structurent d\u00e9sormais l&rsquo;int\u00e9gralit\u00e9 de la programmation des grands salons.<\/strong> \u00c0 la K 2025, un panel politique a sp\u00e9cifiquement discut\u00e9 de la comp\u00e9titivit\u00e9 de l&rsquo;industrie plastique europ\u00e9enne en tant que <strong>moteur d&rsquo;une \u00e9conomie durable<\/strong>, tandis qu&rsquo;une journ\u00e9e enti\u00e8re \u00e9tait consacr\u00e9e \u00e0 la pr\u00e9vention des pertes de granul\u00e9s, \u00e0 l&rsquo;utilisation d&rsquo;additifs, aux analyses de cycle de vie et \u00e0 la mon\u00e9tisation des produits durables.<\/p>\n\n\n\n<p class=\"wp-block-paragraph\">C\u00f4t\u00e9 FIP, l&rsquo;\u00e9dition 2026 a innov\u00e9 avec son <strong>parcours FIP Valorize<\/strong>, qui offre une visibilit\u00e9 unique aux entreprises les plus engag\u00e9es en faveur de l&rsquo;environnement, mettant en lumi\u00e8re leurs initiatives innovantes et leur impact positif sur la transition \u00e9cologique. Le choix de Pierre-Jean Leduc, pr\u00e9sident du syndicat Polyvia, comme pr\u00e9sident d&rsquo;honneur de cette \u00e9dition n&rsquo;est pas anodin : l&rsquo;objectif affich\u00e9 est de <strong>d\u00e9montrer que la fili\u00e8re plastique fait d\u00e9sormais partie des solutions industrielles d&rsquo;avenir<\/strong> plut\u00f4t que d&rsquo;en \u00eatre le probl\u00e8me.<\/p>\n\n\n\n<p class=\"wp-block-paragraph\"><strong>Fabrication additive et nouveaux syst\u00e8mes de refroidissement : la mutation des proc\u00e9d\u00e9s<\/strong><\/p>\n\n\n\n<p class=\"wp-block-paragraph\">Les progr\u00e8s en fabrication additive, longtemps cantonn\u00e9s au <strong><a href=\"https:\/\/matissart.com\/fr\/emballages\/conception3d\/\" title=\"\">prototypage rapide<\/a><\/strong>, s&rsquo;\u00e9tendent progressivement \u00e0 la production d&rsquo;outillages et de pi\u00e8ces techniques. Cette \u00e9volution s&rsquo;accompagne directement de nouveaux <strong>syst\u00e8mes de refroidissement <\/strong>conformable, capables d&rsquo;\u00e9pouser des g\u00e9om\u00e9tries complexes impossibles \u00e0 obtenir par per\u00e7age conventionnel \u2014 un sujet qui concerne au premier chef les fabricants de moules.<\/p>\n\n\n\n<p class=\"wp-block-paragraph\"><strong>Des \u00e9volutions qui concernent directement les moulistes<\/strong><\/p>\n\n\n\n<p class=\"wp-block-paragraph\">Ces innovations ne se limitent pas aux transformateurs de plastique : elles influencent directement la conception des moules eux-m\u00eames. Les bureaux d&rsquo;\u00e9tudes doivent d\u00e9sormais int\u00e9grer des contraintes toujours plus nombreuses dans leurs cahiers des charges :<\/p>\n\n\n\n<ul class=\"wp-block-list\">\n<li><strong>r\u00e9duction des mati\u00e8res<\/strong> mises en \u0153uvre, pour limiter l&#8217;empreinte carbone et les co\u00fbts ;<\/li>\n\n\n\n<li><strong>nouveaux polym\u00e8res<\/strong> recycl\u00e9s ou biosourc\u00e9s, dont les comportements rh\u00e9ologiques diff\u00e8rent parfois sensiblement des mati\u00e8res vierges ;<\/li>\n\n\n\n<li><strong>recyclabilit\u00e9<\/strong> des pi\u00e8ces produites, qui impose de repenser certaines g\u00e9om\u00e9tries et certains syst\u00e8mes d&rsquo;assemblage ;<\/li>\n\n\n\n<li><strong>performance \u00e9nerg\u00e9tique<\/strong> des outillages, notamment via l&rsquo;optimisation des circuits de refroidissement ;<\/li>\n\n\n\n<li><strong>digitalisation<\/strong> de la conception et du suivi de production, avec une int\u00e9gration croissante de capteurs et de jumeaux num\u00e9riques.<\/li>\n<\/ul>\n\n\n\n<p class=\"wp-block-paragraph\">Pour des fabricants de moules d&rsquo;extrusion-soufflage comme Matissart, ces tendances ne sont pas de simples sujets de veille : elles <strong>red\u00e9finissent progressivement les exigences techniques<\/strong> que nos clients industriels nous adressent. Anticiper ces \u00e9volutions \u2014 qu&rsquo;il s&rsquo;agisse de l&rsquo;int\u00e9gration de<strong> nouveaux polym\u00e8res recycl\u00e9s ou de l&rsquo;<a href=\"https:\/\/matissart.com\/fr\/emballages\/3d-jet-cooling\/\" title=\"\">optimisation \u00e9nerg\u00e9tique des outillage<\/a>s<\/strong> \u2014 fait partie int\u00e9grante de notre d\u00e9marche d&rsquo;innovation continue.<\/p>\n\n\n\n<hr class=\"wp-block-separator has-alpha-channel-opacity\"\/>\n","protected":false},"excerpt":{"rendered":"<p>Trois rendez-vous incontournables de la plasturgie europ\u00e9enne Les salons Fakuma, K et FIP restent les principaux \u00e9v\u00e9nements europ\u00e9ens de la plasturgie. Organis\u00e9s selon un rythme compl\u00e9mentaire \u2014 la K \u00e0 D\u00fcsseldorf tous les trois ans, le FIP \u00e0 Lyon en alternance, Fakuma chaque ann\u00e9e paire \u00e0 Friedrichshafen \u2014 ils permettent d&rsquo;observer dans la dur\u00e9e les [&hellip;]<\/p>\n","protected":false},"author":4,"featured_media":3102,"comment_status":"closed","ping_status":"open","sticky":false,"template":"","format":"standard","meta":{"_acf_changed":false,"inline_featured_image":false,"slim_seo":{"title":"Les innovations marquantes des salons Fakuma, K et FIP - Matissart","description":"Trois rendez-vous incontournables de la plasturgie europ\u00e9enne Les salons Fakuma, K et FIP restent les principaux \u00e9v\u00e9nements europ\u00e9ens de la plasturgie. Organis\u00e9"},"_slim_seo_primary_term_category":0,"_slim_seo_primary_term_post_tag":0,"footnotes":""},"categories":[1],"tags":[],"class_list":["post-3099","post","type-post","status-publish","format-standard","has-post-thumbnail","hentry","category-actualite"],"acf":[],"_links":{"self":[{"href":"https:\/\/matissart.com\/fr\/wp-json\/wp\/v2\/posts\/3099","targetHints":{"allow":["GET"]}}],"collection":[{"href":"https:\/\/matissart.com\/fr\/wp-json\/wp\/v2\/posts"}],"about":[{"href":"https:\/\/matissart.com\/fr\/wp-json\/wp\/v2\/types\/post"}],"author":[{"embeddable":true,"href":"https:\/\/matissart.com\/fr\/wp-json\/wp\/v2\/users\/4"}],"replies":[{"embeddable":true,"href":"https:\/\/matissart.com\/fr\/wp-json\/wp\/v2\/comments?post=3099"}],"version-history":[{"count":2,"href":"https:\/\/matissart.com\/fr\/wp-json\/wp\/v2\/posts\/3099\/revisions"}],"predecessor-version":[{"id":3103,"href":"https:\/\/matissart.com\/fr\/wp-json\/wp\/v2\/posts\/3099\/revisions\/3103"}],"wp:featuredmedia":[{"embeddable":true,"href":"https:\/\/matissart.com\/fr\/wp-json\/wp\/v2\/media\/3102"}],"wp:attachment":[{"href":"https:\/\/matissart.com\/fr\/wp-json\/wp\/v2\/media?parent=3099"}],"wp:term":[{"taxonomy":"category","embeddable":true,"href":"https:\/\/matissart.com\/fr\/wp-json\/wp\/v2\/categories?post=3099"},{"taxonomy":"post_tag","embeddable":true,"href":"https:\/\/matissart.com\/fr\/wp-json\/wp\/v2\/tags?post=3099"}],"curies":[{"name":"wp","href":"https:\/\/api.w.org\/{rel}","templated":true}]}}