{"id":3509,"date":"2026-08-28T18:32:50","date_gmt":"2026-08-28T16:32:50","guid":{"rendered":"https:\/\/matissart.com\/fr\/?p=3509"},"modified":"2026-08-28T18:32:52","modified_gmt":"2026-08-28T16:32:52","slug":"acier-bas-carbone-pourquoi-la-tracabilite-devient-un-enjeu-industriel","status":"publish","type":"post","link":"https:\/\/matissart.com\/fr\/actualite\/acier-bas-carbone-pourquoi-la-tracabilite-devient-un-enjeu-industriel\/","title":{"rendered":"Acier bas carbone : pourquoi la tra\u00e7abilit\u00e9 devient un enjeu industriel"},"content":{"rendered":"\n<p class=\"wp-block-paragraph\">La d\u00e9carbonation de la sid\u00e9rurgie s&rsquo;acc\u00e9l\u00e8re en Europe et \u00e0 l&rsquo;international. Entre d\u00e9veloppement de <strong>l&rsquo;acier recycl\u00e9, recours accru \u00e0 l&rsquo;\u00e9lectricit\u00e9 renouvelable et apparition de proc\u00e9d\u00e9s de r\u00e9duction directe du minerai<\/strong>, les industriels disposent d\u00e9sormais de plusieurs leviers pour r\u00e9duire l&#8217;empreinte carbone de leurs approvisionnements.<\/p>\n\n\n\n<p class=\"wp-block-paragraph\">Mais un acier pr\u00e9sent\u00e9 comme \u00ab <strong><em>bas carbone<\/em><\/strong> \u00bb ne se r\u00e9sume pas \u00e0 une appellation commerciale. Son impact d\u00e9pend de nombreux param\u00e8tres <strong>: origine de la mati\u00e8re premi\u00e8re<\/strong>, <strong>part de ferrailles recycl\u00e9es<\/strong>, <strong>proc\u00e9d\u00e9 de production<\/strong>, <strong>mix \u00e9nerg\u00e9tique<\/strong>, <strong>transport et qualit\u00e9 de la tra\u00e7abilit\u00e9<\/strong>.<\/p>\n\n\n\n<p class=\"wp-block-paragraph\">Pour les fabricants de moules et d&rsquo;outillages, cette \u00e9volution soul\u00e8ve plusieurs questions concr\u00e8tes :<\/p>\n\n\n\n<ul class=\"wp-block-list\">\n<li><em>Quelle est la composition exacte de l&rsquo;acier utilis\u00e9 ?<\/em><\/li>\n\n\n\n<li><em>Quelle part de mati\u00e8re recycl\u00e9e entre dans sa fabrication ?<\/em><\/li>\n\n\n\n<li><em>Quelles performances m\u00e9caniques et thermiques sont garanties ?<\/em><\/li>\n\n\n\n<li><em>Comment assurer la tra\u00e7abilit\u00e9 entre la mati\u00e8re achet\u00e9e, l&rsquo;usinage et le moule livr\u00e9 ?<\/em><\/li>\n\n\n\n<li><em>Comment comparer deux aciers \u00e0 partir de donn\u00e9es environnementales fiables ?<\/em><\/li>\n<\/ul>\n\n\n\n<p class=\"wp-block-paragraph\">L&rsquo;acier reste un mat\u00e9riau particuli\u00e8rement int\u00e9ressant dans une logique <strong>d&rsquo;\u00e9conomie circulaire<\/strong>, car il peut \u00eatre <strong>r\u00e9cup\u00e9r\u00e9, tri\u00e9 et refondu<\/strong>. Toutefois, la recyclabilit\u00e9 en fin de vie ne doit pas masquer l&rsquo;importance de la phase de production initiale.<\/p>\n\n\n\n<p class=\"wp-block-paragraph\">Chez Matissart, cette approche conduit \u00e0 privil\u00e9gier une lecture compl\u00e8te du cycle de vie : choisir une <strong>nuance adapt\u00e9e<\/strong>, \u00e9viter <strong>le surdimensionnement<\/strong>, prolonger <strong>la dur\u00e9e d&rsquo;utilisation du moule<\/strong> et organiser, lorsque cela est possible, la valorisation des m\u00e9taux en fin de vie.<\/p>\n\n\n\n<p class=\"wp-block-paragraph\"><strong>\u00c0 retenir<\/strong> : L&rsquo;acier bas carbone repr\u00e9sente une \u00e9volution importante pour l&rsquo;industrie, mais sa pertinence doit \u00eatre \u00e9valu\u00e9e \u00e0 partir de <strong>donn\u00e9es v\u00e9rifiables et de performances techniques compatibles<\/strong> avec l&rsquo;application.<\/p>\n","protected":false},"excerpt":{"rendered":"<p>La d\u00e9carbonation de la sid\u00e9rurgie s&rsquo;acc\u00e9l\u00e8re en Europe et \u00e0 l&rsquo;international. Entre d\u00e9veloppement de l&rsquo;acier recycl\u00e9, recours accru \u00e0 l&rsquo;\u00e9lectricit\u00e9 renouvelable et apparition de proc\u00e9d\u00e9s de r\u00e9duction directe du minerai, les industriels disposent d\u00e9sormais de plusieurs leviers pour r\u00e9duire l&#8217;empreinte carbone de leurs approvisionnements. Mais un acier pr\u00e9sent\u00e9 comme \u00ab bas carbone \u00bb ne se [&hellip;]<\/p>\n","protected":false},"author":4,"featured_media":3510,"comment_status":"closed","ping_status":"open","sticky":false,"template":"","format":"standard","meta":{"_acf_changed":false,"inline_featured_image":false,"slim_seo":{"title":"Acier bas carbone : pourquoi la tra\u00e7abilit\u00e9 devient un enjeu industriel - Matissart","description":"La d\u00e9carbonation de la sid\u00e9rurgie s'acc\u00e9l\u00e8re en Europe et \u00e0 l'international. Entre d\u00e9veloppement de l'acier recycl\u00e9, recours accru \u00e0 l'\u00e9lectricit\u00e9 renouvelable"},"_slim_seo_primary_term_category":1,"_slim_seo_primary_term_post_tag":0,"footnotes":""},"categories":[1],"tags":[],"class_list":["post-3509","post","type-post","status-publish","format-standard","has-post-thumbnail","hentry","category-actualite"],"acf":[],"_links":{"self":[{"href":"https:\/\/matissart.com\/fr\/wp-json\/wp\/v2\/posts\/3509","targetHints":{"allow":["GET"]}}],"collection":[{"href":"https:\/\/matissart.com\/fr\/wp-json\/wp\/v2\/posts"}],"about":[{"href":"https:\/\/matissart.com\/fr\/wp-json\/wp\/v2\/types\/post"}],"author":[{"embeddable":true,"href":"https:\/\/matissart.com\/fr\/wp-json\/wp\/v2\/users\/4"}],"replies":[{"embeddable":true,"href":"https:\/\/matissart.com\/fr\/wp-json\/wp\/v2\/comments?post=3509"}],"version-history":[{"count":2,"href":"https:\/\/matissart.com\/fr\/wp-json\/wp\/v2\/posts\/3509\/revisions"}],"predecessor-version":[{"id":3512,"href":"https:\/\/matissart.com\/fr\/wp-json\/wp\/v2\/posts\/3509\/revisions\/3512"}],"wp:featuredmedia":[{"embeddable":true,"href":"https:\/\/matissart.com\/fr\/wp-json\/wp\/v2\/media\/3510"}],"wp:attachment":[{"href":"https:\/\/matissart.com\/fr\/wp-json\/wp\/v2\/media?parent=3509"}],"wp:term":[{"taxonomy":"category","embeddable":true,"href":"https:\/\/matissart.com\/fr\/wp-json\/wp\/v2\/categories?post=3509"},{"taxonomy":"post_tag","embeddable":true,"href":"https:\/\/matissart.com\/fr\/wp-json\/wp\/v2\/tags?post=3509"}],"curies":[{"name":"wp","href":"https:\/\/api.w.org\/{rel}","templated":true}]}}